{"id":31283,"date":"2026-04-28T20:06:19","date_gmt":"2026-04-28T19:06:19","guid":{"rendered":"https:\/\/szgz.hr\/?p=31283"},"modified":"2026-04-28T20:06:19","modified_gmt":"2026-04-28T19:06:19","slug":"uspjesno-odrzane-radionice-korak-blize-muzeju-kosarke-u-zadru","status":"publish","type":"post","link":"https:\/\/szgz.hr\/?p=31283","title":{"rendered":"Uspje\u0161no odr\u017eane radionice \u2013 korak bli\u017ee Muzeju ko\u0161arke u Zadru"},"content":{"rendered":"<p><a href=\"https:\/\/szgz.hr\/wp-content\/uploads\/2026\/04\/7e2c948d-4dd7-411e-9825-6c8698e3d6f3.jpg\"><img loading=\"lazy\" decoding=\"async\" class=\"alignnone size-medium wp-image-31282\" src=\"https:\/\/szgz.hr\/wp-content\/uploads\/2026\/04\/7e2c948d-4dd7-411e-9825-6c8698e3d6f3-300x225.jpg\" alt=\"\" width=\"300\" height=\"225\" \/><\/a><\/p>\n<div class=\"text-base my-auto mx-auto [--thread-content-margin:var(--thread-content-margin-xs,calc(var(--spacing)*4))] @w-sm\/main:[--thread-content-margin:var(--thread-content-margin-sm,calc(var(--spacing)*6))] @w-lg\/main:[--thread-content-margin:var(--thread-content-margin-lg,calc(var(--spacing)*16))] px-(--thread-content-margin)\">\n<div class=\"[--thread-content-max-width:40rem] @w-lg\/main:[--thread-content-max-width:48rem] mx-auto max-w-(--thread-content-max-width) flex-1 group\/turn-messages focus-visible:outline-hidden relative flex w-full min-w-0 flex-col agent-turn\">\n<div class=\"flex max-w-full flex-col gap-4 grow\">\n<div class=\"min-h-8 text-message relative flex w-full flex-col items-end gap-2 text-start break-words whitespace-normal outline-none keyboard-focused:focus-ring [.text-message+&amp;]:mt-1\" dir=\"auto\" data-message-author-role=\"assistant\" data-message-id=\"ce1ca943-267b-4e0f-ab78-fc2a76dee4e9\" data-message-model-slug=\"gpt-5-3\">\n<div class=\"flex w-full flex-col gap-1 empty:hidden\">\n<div class=\"markdown prose dark:prose-invert w-full wrap-break-word light markdown-new-styling\">\n<p data-start=\"69\" data-end=\"335\">S velikim zadovoljstvom isti\u010demo da su participativne radionice posve\u0107ene razvoju koncepta budu\u0107eg Muzeja ko\u0161arke uspje\u0161no odr\u017eane. Kroz dva dana kvalitetnog dijaloga, razmjene ideja i iskustava, napravljen je va\u017ean iskorak prema realizaciji ovog zna\u010dajnog projekta.<\/p>\n<p data-start=\"337\" data-end=\"687\">Zahvaljujemo svima koji su se odazvali i svojim sudjelovanjem pokazali koliko je ova inicijativa va\u017ena, ne samo za <span class=\"hover:entity-accent entity-underline inline cursor-pointer align-baseline\"><span class=\"whitespace-normal\">Zadar<\/span><\/span> kao grad ko\u0161arke, ve\u0107 i za \u0161iri nacionalni kontekst u <span class=\"hover:entity-accent entity-underline inline cursor-pointer align-baseline\"><span class=\"whitespace-normal\">Hrvatska<\/span><\/span>. Va\u0161 doprinos potvr\u0111uje da Muzej ko\u0161arke nije samo projekt, ve\u0107 zajedni\u010dka ambicija i potreba zajednice.<\/p>\n<p data-start=\"689\" data-end=\"916\">Ovaj proces predstavlja jedan od klju\u010dnih koraka u o\u010duvanju i valorizaciji bogate ko\u0161arka\u0161ke ba\u0161tine te identiteta grada. Posebno nas veseli sna\u017ena podr\u0161ka i interes gra\u0111ana, koji jasno pokazuju \u017eelju da se ova ideja realizira.<\/p>\n<p data-start=\"918\" data-end=\"1126\" data-is-last-node=\"\" data-is-only-node=\"\">Jo\u0161 jednom hvala svima na sudjelovanju i konstruktivnim prijedlozima. Nastavljamo raditi zajedno s ciljem da ovu \u017eelju gra\u0111ana <span class=\"hover:entity-accent entity-underline inline cursor-pointer align-baseline\"><span class=\"whitespace-normal\">Zadar<\/span><\/span> \u0161to prije pretvorimo u stvarnost.<\/p>\n<\/div>\n<\/div>\n<\/div>\n<\/div>\n<div class=\"z-0 flex min-h-[46px] justify-start\"><\/div>\n<\/div>\n<\/div>\n","protected":false},"excerpt":{"rendered":"<p>S velikim zadovoljstvom isti\u010demo da su participativne radionice posve\u0107ene razvoju koncepta budu\u0107eg Muzeja ko\u0161arke uspje\u0161no odr\u017eane. Kroz dva dana kvalitetnog dijaloga, razmjene ideja i iskustava, napravljen je va\u017ean iskorak prema realizaciji ovog zna\u010dajnog projekta. Zahvaljujemo svima koji su se odazvali i svojim sudjelovanjem pokazali koliko je ova inicijativa va\u017ena, ne samo za Zadar kao grad [&hellip;]<\/p>\n","protected":false},"author":7,"featured_media":31281,"comment_status":"closed","ping_status":"closed","sticky":false,"template":"","format":"standard","meta":{"_et_pb_use_builder":"","_et_pb_old_content":"","_et_gb_content_width":"","footnotes":""},"categories":[19],"tags":[],"class_list":["post-31283","post","type-post","status-publish","format-standard","has-post-thumbnail","hentry","category-izdvojeno"],"_links":{"self":[{"href":"https:\/\/szgz.hr\/index.php?rest_route=\/wp\/v2\/posts\/31283","targetHints":{"allow":["GET"]}}],"collection":[{"href":"https:\/\/szgz.hr\/index.php?rest_route=\/wp\/v2\/posts"}],"about":[{"href":"https:\/\/szgz.hr\/index.php?rest_route=\/wp\/v2\/types\/post"}],"author":[{"embeddable":true,"href":"https:\/\/szgz.hr\/index.php?rest_route=\/wp\/v2\/users\/7"}],"replies":[{"embeddable":true,"href":"https:\/\/szgz.hr\/index.php?rest_route=%2Fwp%2Fv2%2Fcomments&post=31283"}],"version-history":[{"count":1,"href":"https:\/\/szgz.hr\/index.php?rest_route=\/wp\/v2\/posts\/31283\/revisions"}],"predecessor-version":[{"id":31284,"href":"https:\/\/szgz.hr\/index.php?rest_route=\/wp\/v2\/posts\/31283\/revisions\/31284"}],"wp:featuredmedia":[{"embeddable":true,"href":"https:\/\/szgz.hr\/index.php?rest_route=\/wp\/v2\/media\/31281"}],"wp:attachment":[{"href":"https:\/\/szgz.hr\/index.php?rest_route=%2Fwp%2Fv2%2Fmedia&parent=31283"}],"wp:term":[{"taxonomy":"category","embeddable":true,"href":"https:\/\/szgz.hr\/index.php?rest_route=%2Fwp%2Fv2%2Fcategories&post=31283"},{"taxonomy":"post_tag","embeddable":true,"href":"https:\/\/szgz.hr\/index.php?rest_route=%2Fwp%2Fv2%2Ftags&post=31283"}],"curies":[{"name":"wp","href":"https:\/\/api.w.org\/{rel}","templated":true}]}}