{"id":29408,"date":"2025-09-26T12:11:12","date_gmt":"2025-09-26T11:11:12","guid":{"rendered":"https:\/\/szgz.hr\/?p=29408"},"modified":"2025-09-26T12:11:12","modified_gmt":"2025-09-26T11:11:12","slug":"europski-tjedan-sporta-5","status":"publish","type":"post","link":"https:\/\/szgz.hr\/?p=29408","title":{"rendered":"Europski tjedan sporta"},"content":{"rendered":"<p>Od 22. do 30. rujna 2025.godine Sportska zajednica grada Zadra, uz pokroviteljstvo i potporu Grada Zadra, obilje\u017eava Europski tjedan sporta 2025. godine.<\/p>\n<p>Kroz program se poti\u010de gra\u0111ane starije \u017eivotne dobi na svjesnost o va\u017enosti redovitog bavljenja tjelesnom aktivno\u0161\u0107u s ciljem pobolj\u0161anja psihofizi\u010dkog zdravlja.<\/p>\n<p><a href=\"https:\/\/szgz.hr\/wp-content\/uploads\/2025\/09\/1758884478827.jpg\"><img loading=\"lazy\" decoding=\"async\" class=\"aligncenter wp-image-29414 size-full\" src=\"https:\/\/szgz.hr\/wp-content\/uploads\/2025\/09\/1758884478827.jpg\" alt=\"\" width=\"900\" height=\"675\" srcset=\"https:\/\/szgz.hr\/wp-content\/uploads\/2025\/09\/1758884478827.jpg 900w, https:\/\/szgz.hr\/wp-content\/uploads\/2025\/09\/1758884478827-480x360.jpg 480w\" sizes=\"auto, (min-width: 0px) and (max-width: 480px) 480px, (min-width: 481px) 900px, 100vw\" \/><\/a><\/p>\n<p>Dokaz da sport i tjelesna aktivnost ne poznaju godine i tjelesnu spremnost ove su godine pokazali gra\u0111ani starije \u017eivotne dobi kroz organizirano tjelesno vje\u017ebanje u neposrednoj blizini svoga doma.<\/p>\n<p><a href=\"https:\/\/szgz.hr\/wp-content\/uploads\/2025\/09\/1758884478750.jpg\"><img loading=\"lazy\" decoding=\"async\" class=\"aligncenter wp-image-29413 size-full\" src=\"https:\/\/szgz.hr\/wp-content\/uploads\/2025\/09\/1758884478750.jpg\" alt=\"\" width=\"900\" height=\"405\" srcset=\"https:\/\/szgz.hr\/wp-content\/uploads\/2025\/09\/1758884478750.jpg 900w, https:\/\/szgz.hr\/wp-content\/uploads\/2025\/09\/1758884478750-480x216.jpg 480w\" sizes=\"auto, (min-width: 0px) and (max-width: 480px) 480px, (min-width: 481px) 900px, 100vw\" \/><\/a><\/p>\n<p>Vje\u017ebanje se odr\u017eavalo u <strong>MO Bokanjac\/vanjsko igrali\u0161te, \u0160C Vi\u0161njik na otvorenim terenima, terenima Javne ustanove za upravljanje sportskim objektima Zadarski sport te u u MO Sinjoretovo\/vanjsko igrali\u0161te.<\/strong><\/p>\n<p><a href=\"https:\/\/szgz.hr\/wp-content\/uploads\/2025\/09\/1758883953937.jpg\"><br \/>\n<img loading=\"lazy\" decoding=\"async\" class=\"aligncenter wp-image-29412 size-full\" src=\"https:\/\/szgz.hr\/wp-content\/uploads\/2025\/09\/1758883953937.jpg\" alt=\"\" width=\"900\" height=\"507\" srcset=\"https:\/\/szgz.hr\/wp-content\/uploads\/2025\/09\/1758883953937.jpg 900w, https:\/\/szgz.hr\/wp-content\/uploads\/2025\/09\/1758883953937-480x270.jpg 480w\" sizes=\"auto, (min-width: 0px) and (max-width: 480px) 480px, (min-width: 481px) 900px, 100vw\" \/><\/a><\/p>\n<p>Radno mjesto \u2013 vje\u017ebaj i budi zadovoljan na radnom mjestu, sjedila\u010dki na\u010din poslovanja sve zastupljeniji, a jako je va\u017eno je prepoznati negativan utjecaj takvog na\u010dina poslovanja na zdravlje i produktivnost zaposlenika.<\/p>\n<p><a href=\"https:\/\/szgz.hr\/wp-content\/uploads\/2025\/09\/1758883953676.jpg\"><img loading=\"lazy\" decoding=\"async\" class=\"aligncenter wp-image-29409 size-full\" src=\"https:\/\/szgz.hr\/wp-content\/uploads\/2025\/09\/1758883953676.jpg\" alt=\"\" width=\"900\" height=\"675\" srcset=\"https:\/\/szgz.hr\/wp-content\/uploads\/2025\/09\/1758883953676.jpg 900w, https:\/\/szgz.hr\/wp-content\/uploads\/2025\/09\/1758883953676-480x360.jpg 480w\" sizes=\"auto, (min-width: 0px) and (max-width: 480px) 480px, (min-width: 481px) 900px, 100vw\" \/><\/a><\/p>\n<p>Ove godine bilo je organizirano vje\u017ebanje sa zaposlenicima gradske knji\u017enice.<\/p>\n<p><a href=\"https:\/\/szgz.hr\/wp-content\/uploads\/2025\/09\/1758883953741.jpg\"><img loading=\"lazy\" decoding=\"async\" class=\"aligncenter wp-image-29410 size-full\" src=\"https:\/\/szgz.hr\/wp-content\/uploads\/2025\/09\/1758883953741.jpg\" alt=\"\" width=\"900\" height=\"675\" srcset=\"https:\/\/szgz.hr\/wp-content\/uploads\/2025\/09\/1758883953741.jpg 900w, https:\/\/szgz.hr\/wp-content\/uploads\/2025\/09\/1758883953741-480x360.jpg 480w\" sizes=\"auto, (min-width: 0px) and (max-width: 480px) 480px, (min-width: 481px) 900px, 100vw\" \/><\/a><\/p>\n","protected":false},"excerpt":{"rendered":"<p>Od 22. do 30. rujna 2025.godine Sportska zajednica grada Zadra, uz pokroviteljstvo i potporu Grada Zadra, obilje\u017eava Europski tjedan sporta 2025. godine. Kroz program se poti\u010de gra\u0111ane starije \u017eivotne dobi na svjesnost o va\u017enosti redovitog bavljenja tjelesnom aktivno\u0161\u0107u s ciljem pobolj\u0161anja psihofizi\u010dkog zdravlja. Dokaz da sport i tjelesna aktivnost ne poznaju godine i tjelesnu spremnost [&hellip;]<\/p>\n","protected":false},"author":3,"featured_media":29411,"comment_status":"closed","ping_status":"closed","sticky":false,"template":"","format":"standard","meta":{"_et_pb_use_builder":"","_et_pb_old_content":"","_et_gb_content_width":"","footnotes":""},"categories":[1],"tags":[],"class_list":["post-29408","post","type-post","status-publish","format-standard","has-post-thumbnail","hentry","category-1"],"_links":{"self":[{"href":"https:\/\/szgz.hr\/index.php?rest_route=\/wp\/v2\/posts\/29408","targetHints":{"allow":["GET"]}}],"collection":[{"href":"https:\/\/szgz.hr\/index.php?rest_route=\/wp\/v2\/posts"}],"about":[{"href":"https:\/\/szgz.hr\/index.php?rest_route=\/wp\/v2\/types\/post"}],"author":[{"embeddable":true,"href":"https:\/\/szgz.hr\/index.php?rest_route=\/wp\/v2\/users\/3"}],"replies":[{"embeddable":true,"href":"https:\/\/szgz.hr\/index.php?rest_route=%2Fwp%2Fv2%2Fcomments&post=29408"}],"version-history":[{"count":2,"href":"https:\/\/szgz.hr\/index.php?rest_route=\/wp\/v2\/posts\/29408\/revisions"}],"predecessor-version":[{"id":29416,"href":"https:\/\/szgz.hr\/index.php?rest_route=\/wp\/v2\/posts\/29408\/revisions\/29416"}],"wp:featuredmedia":[{"embeddable":true,"href":"https:\/\/szgz.hr\/index.php?rest_route=\/wp\/v2\/media\/29411"}],"wp:attachment":[{"href":"https:\/\/szgz.hr\/index.php?rest_route=%2Fwp%2Fv2%2Fmedia&parent=29408"}],"wp:term":[{"taxonomy":"category","embeddable":true,"href":"https:\/\/szgz.hr\/index.php?rest_route=%2Fwp%2Fv2%2Fcategories&post=29408"},{"taxonomy":"post_tag","embeddable":true,"href":"https:\/\/szgz.hr\/index.php?rest_route=%2Fwp%2Fv2%2Ftags&post=29408"}],"curies":[{"name":"wp","href":"https:\/\/api.w.org\/{rel}","templated":true}]}}