{"id":29312,"date":"2025-09-22T06:37:46","date_gmt":"2025-09-22T05:37:46","guid":{"rendered":"https:\/\/szgz.hr\/?p=29312"},"modified":"2025-09-22T08:00:50","modified_gmt":"2025-09-22T07:00:50","slug":"europoski-tjedan-sporta","status":"publish","type":"post","link":"https:\/\/szgz.hr\/?p=29312","title":{"rendered":"EUROPOSKI TJEDAN SPORTA"},"content":{"rendered":"<p>Od 22. do 30. rujna 2025.godine Sportska zajednica grada Zadra, uz pokroviteljstvo i potporu Grada Zadra, obilje\u017eava Europski tjedan sporta 2025. godine.<\/p>\n<p>Europski tjedan sporta je inicijativa Europske komisije za promicanje sporta i tjelesne aktivnosti diljem Europe. Nacionalni koordinator za provo\u0111enje je Ministarstvo turizma i sporta, a u sklopu ovog doga\u0111aja organizirati \u0107e se aktivnosti diljem Europe. Tijekom obilje\u017eavanja Europskog tjedna sporta biti \u0107e odr\u017eane brojne aktivnosti sukladno prijedlogu kalendara sa ciljanim temama za svaki pojedini dan. Kao uvod u Europski tjedan sporta, a nastavno na pro\u0161logodi\u0161nja uspje\u0161na doga\u0111anja, ove \u0107emo godine organizirati mnoga sportskih doga\u0111anja vezana uz obrazovanje, vje\u017ebanje na radnom mjestu, otvorenom prostoru, vje\u017ebanje starijih dobnih skupina, te dan otvorenih vrata sporta.<\/p>\n<p><em>22. rujna 2025.<\/em><\/p>\n<p>Svrha ovog dana je poticanje gra\u0111ana starije \u017eivotne dobi na redovito bavljenje tjelesnom aktivno\u0161\u0107u s ciljem pobolj\u0161anja psihofizi\u010dkog zdravlja. Dokaz da sport i tjelesna aktivnost ne poznaju godine i tjelesnu spremnost ove \u0107e godine dokazati gra\u0111ani starije \u017eivotne dobi kroz organizirano tjelesno vje\u017ebanje u neposrednoj blizini svoga doma. Vje\u017ebanje \u0107e se odr\u017eavati u <strong>MO Bokanjac\/vanjsko igrali\u0161te s po\u010detkom u 8 sati.<\/strong><\/p>\n<p><em>23. rujna 2025<\/em>.<\/p>\n<p>Svrha ovog dana je poticanje gra\u0111ana starije \u017eivotne dobi na redovito bavljenje tjelesnom aktivno\u0161\u0107u s ciljem pobolj\u0161anja psihofizi\u010dkog zdravlja. Dokaz da sport i tjelesna aktivnost ne poznaju godine i tjelesnu spremnost ove \u0107e godine dokazati gra\u0111ani starije \u017eivotne dobi kroz organizirano tjelesno vje\u017ebanje u neposrednoj blizini svoga doma. Vje\u017ebanje \u0107e se odr\u017eavati u <strong>\u0160C Vi\u0161njik na otvorenim terenima s po\u010detkom u 8.30 sati.<\/strong><\/p>\n<p><em>24. rujna 2025.<\/em><\/p>\n<p>Radno mjesto \u2013 vje\u017ebaj i budi zadovoljan na radnom mjestu i senior day, sjedila\u010dki na\u010din poslovanja sve zastupljeniji, a jako je va\u017eno je prepoznati negativan utjecaj takvog na\u010dina poslovanja na zdravlje i produktivnost zaposlenika pa je\u00a0 po\u010detak \u00a0radnog tjedna,\u00a0 rezerviran za promociju vje\u017ebanja na radnom mjestu. Ove \u0107e godine biti organizirano vje\u017ebanje sa zaposlenicima gradske knji\u017enice s po\u010detkom u <strong>13.30 sati<\/strong>. Vje\u017ebanje \u0107e se odr\u017eavati na radnim mjestima .<\/p>\n<p>Svrha ovog dana je poticanje gra\u0111ana starije \u017eivotne dobi na redovito bavljenje tjelesnom aktivno\u0161\u0107u s ciljem pobolj\u0161anja psihofizi\u010dkog zdravlja. Dokaz da sport i tjelesna aktivnost ne poznaju godine i tjelesnu spremnost ove \u0107e godine dokazati gra\u0111ani starije \u017eivotne dobi kroz organizirano tjelesno vje\u017ebanje u neposrednoj blizini svoga doma. Vje\u017ebanje \u0107e se odr\u017eavati u <strong>MO Bokanjac\/vanjsko igrali\u0161te s po\u010detkom u 8 sati\u00a0 i vanjskim terenima Javne ustanove za upravljanje sportskim objektima Zadarski sport s po\u010detkom u 9 sati.<\/strong><\/p>\n<p><em>25. rujna 2025.\u00a0<\/em><\/p>\n<p>Svrha ovog dana je poticanje gra\u0111ana starije \u017eivotne dobi na redovito bavljenje tjelesnom aktivno\u0161\u0107u s ciljem pobolj\u0161anja psihofizi\u010dkog zdravlja. Dokaz da sport i tjelesna aktivnost ne poznaju godine i tjelesnu spremnost ove \u0107e godine dokazati gra\u0111ani starije \u017eivotne dobi kroz organizirano tjelesno vje\u017ebanje u neposrednoj blizini svoga doma. Vje\u017ebanje \u0107e se odr\u017eavati u <strong>\u0160C Vi\u0161njik na otvorenim terenima s po\u010detkom u 8.30 sati i u MO Sinjoretovo\/vanjsko igrali\u0161te s po\u010detkom u 8.30 sati.<\/strong><\/p>\n<p><em>26. rujna 2025.<\/em><\/p>\n<p>Svrha ovog dana je poticanje gra\u0111ana starije \u017eivotne dobi na redovito bavljenje tjelesnom aktivno\u0161\u0107u s ciljem pobolj\u0161anja psihofizi\u010dkog zdravlja. Dokaz da sport i tjelesna aktivnost ne poznaju godine i tjelesnu spremnost ove \u0107e godine dokazati gra\u0111ani starije \u017eivotne dobi kroz organizirano tjelesno vje\u017ebanje u neposrednoj blizini svoga doma. Vje\u017ebanje \u0107e se odr\u017eavati\u00a0 na <strong>vanjskim terenima Javne ustanove za upravljanje sportskim objektima Zadarski sport s po\u010detkom u 9 sati.<\/strong><\/p>\n<p><em>29. rujna i 30. rujna 2025.<\/em><\/p>\n<p>Dani otvorenih vrata sportskih udruga na terenima \u0160C Vi\u0161njik \u0107e se predstavljati sportske \u0161kole sportskih klubova gdje \u0107e\u00a0 predstavljane sportske \u0161kole biti usmjerene na poticanje djece i mladih na\u00a0 sudjelovanja u sportu i sportskim aktivnostima.<\/p>\n<p>&nbsp;<\/p>\n","protected":false},"excerpt":{"rendered":"<p>Od 22. do 30. rujna 2025.godine Sportska zajednica grada Zadra, uz pokroviteljstvo i potporu Grada Zadra, obilje\u017eava Europski tjedan sporta 2025. godine. Europski tjedan sporta je inicijativa Europske komisije za promicanje sporta i tjelesne aktivnosti diljem Europe. Nacionalni koordinator za provo\u0111enje je Ministarstvo turizma i sporta, a u sklopu ovog doga\u0111aja organizirati \u0107e se aktivnosti [&hellip;]<\/p>\n","protected":false},"author":3,"featured_media":29255,"comment_status":"closed","ping_status":"closed","sticky":false,"template":"","format":"standard","meta":{"_et_pb_use_builder":"","_et_pb_old_content":"","_et_gb_content_width":"","footnotes":""},"categories":[1],"tags":[],"class_list":["post-29312","post","type-post","status-publish","format-standard","has-post-thumbnail","hentry","category-1"],"_links":{"self":[{"href":"https:\/\/szgz.hr\/index.php?rest_route=\/wp\/v2\/posts\/29312","targetHints":{"allow":["GET"]}}],"collection":[{"href":"https:\/\/szgz.hr\/index.php?rest_route=\/wp\/v2\/posts"}],"about":[{"href":"https:\/\/szgz.hr\/index.php?rest_route=\/wp\/v2\/types\/post"}],"author":[{"embeddable":true,"href":"https:\/\/szgz.hr\/index.php?rest_route=\/wp\/v2\/users\/3"}],"replies":[{"embeddable":true,"href":"https:\/\/szgz.hr\/index.php?rest_route=%2Fwp%2Fv2%2Fcomments&post=29312"}],"version-history":[{"count":5,"href":"https:\/\/szgz.hr\/index.php?rest_route=\/wp\/v2\/posts\/29312\/revisions"}],"predecessor-version":[{"id":29342,"href":"https:\/\/szgz.hr\/index.php?rest_route=\/wp\/v2\/posts\/29312\/revisions\/29342"}],"wp:featuredmedia":[{"embeddable":true,"href":"https:\/\/szgz.hr\/index.php?rest_route=\/wp\/v2\/media\/29255"}],"wp:attachment":[{"href":"https:\/\/szgz.hr\/index.php?rest_route=%2Fwp%2Fv2%2Fmedia&parent=29312"}],"wp:term":[{"taxonomy":"category","embeddable":true,"href":"https:\/\/szgz.hr\/index.php?rest_route=%2Fwp%2Fv2%2Fcategories&post=29312"},{"taxonomy":"post_tag","embeddable":true,"href":"https:\/\/szgz.hr\/index.php?rest_route=%2Fwp%2Fv2%2Ftags&post=29312"}],"curies":[{"name":"wp","href":"https:\/\/api.w.org\/{rel}","templated":true}]}}