{"id":29229,"date":"2025-09-16T11:53:25","date_gmt":"2025-09-16T10:53:25","guid":{"rendered":"https:\/\/szgz.hr\/?p=29229"},"modified":"2025-09-16T11:53:25","modified_gmt":"2025-09-16T10:53:25","slug":"obiljezen-hrvatski-olimpijski-dan-2","status":"publish","type":"post","link":"https:\/\/szgz.hr\/?p=29229","title":{"rendered":"Obilje\u017een Hrvatski olimpijski dan"},"content":{"rendered":"<p>Atletski klub Alojzije Stepinac Zadar ove je godine, ve\u0107 tradicionalno obilje\u017eio Hrvatski Olimpijski dan 10.09 2025 u suradnji sa Osnovnom \u0161kolom Zadarski otoci. Program je odr\u017ean kao tjelovje\u017eba, paljenje olimpijskog plamena uz edukaciju o danu HOO.<\/p>\n<p><a href=\"https:\/\/szgz.hr\/wp-content\/uploads\/2025\/09\/1758019505546.jpg\"><img loading=\"lazy\" decoding=\"async\" class=\"aligncenter wp-image-29230 size-full\" src=\"https:\/\/szgz.hr\/wp-content\/uploads\/2025\/09\/1758019505546.jpg\" alt=\"\" width=\"900\" height=\"675\" srcset=\"https:\/\/szgz.hr\/wp-content\/uploads\/2025\/09\/1758019505546.jpg 900w, https:\/\/szgz.hr\/wp-content\/uploads\/2025\/09\/1758019505546-480x360.jpg 480w\" sizes=\"auto, (min-width: 0px) and (max-width: 480px) 480px, (min-width: 481px) 900px, 100vw\" \/><\/a> <a href=\"https:\/\/szgz.hr\/wp-content\/uploads\/2025\/09\/1758019505636.jpg\"><img loading=\"lazy\" decoding=\"async\" class=\"aligncenter wp-image-29233 size-full\" src=\"https:\/\/szgz.hr\/wp-content\/uploads\/2025\/09\/1758019505636.jpg\" alt=\"\" width=\"900\" height=\"675\" srcset=\"https:\/\/szgz.hr\/wp-content\/uploads\/2025\/09\/1758019505636.jpg 900w, https:\/\/szgz.hr\/wp-content\/uploads\/2025\/09\/1758019505636-480x360.jpg 480w\" sizes=\"auto, (min-width: 0px) and (max-width: 480px) 480px, (min-width: 481px) 900px, 100vw\" \/><\/a><\/p>\n<p><a href=\"https:\/\/szgz.hr\/wp-content\/uploads\/2025\/09\/1758019505575.jpg\"><img loading=\"lazy\" decoding=\"async\" class=\"aligncenter wp-image-29231 size-full\" src=\"https:\/\/szgz.hr\/wp-content\/uploads\/2025\/09\/1758019505575.jpg\" alt=\"\" width=\"900\" height=\"675\" srcset=\"https:\/\/szgz.hr\/wp-content\/uploads\/2025\/09\/1758019505575.jpg 900w, https:\/\/szgz.hr\/wp-content\/uploads\/2025\/09\/1758019505575-480x360.jpg 480w\" sizes=\"auto, (min-width: 0px) and (max-width: 480px) 480px, (min-width: 481px) 900px, 100vw\" \/><\/a><\/p>\n<p><em><strong>Foto: AK Alojzije Stepinac<\/strong><\/em><\/p>\n","protected":false},"excerpt":{"rendered":"<p>Atletski klub Alojzije Stepinac Zadar ove je godine, ve\u0107 tradicionalno obilje\u017eio Hrvatski Olimpijski dan 10.09 2025 u suradnji sa Osnovnom \u0161kolom Zadarski otoci. Program je odr\u017ean kao tjelovje\u017eba, paljenje olimpijskog plamena uz edukaciju o danu HOO. Foto: AK Alojzije Stepinac<\/p>\n","protected":false},"author":3,"featured_media":29232,"comment_status":"closed","ping_status":"closed","sticky":false,"template":"","format":"standard","meta":{"_et_pb_use_builder":"","_et_pb_old_content":"","_et_gb_content_width":"","footnotes":""},"categories":[1],"tags":[],"class_list":["post-29229","post","type-post","status-publish","format-standard","has-post-thumbnail","hentry","category-1"],"_links":{"self":[{"href":"https:\/\/szgz.hr\/index.php?rest_route=\/wp\/v2\/posts\/29229","targetHints":{"allow":["GET"]}}],"collection":[{"href":"https:\/\/szgz.hr\/index.php?rest_route=\/wp\/v2\/posts"}],"about":[{"href":"https:\/\/szgz.hr\/index.php?rest_route=\/wp\/v2\/types\/post"}],"author":[{"embeddable":true,"href":"https:\/\/szgz.hr\/index.php?rest_route=\/wp\/v2\/users\/3"}],"replies":[{"embeddable":true,"href":"https:\/\/szgz.hr\/index.php?rest_route=%2Fwp%2Fv2%2Fcomments&post=29229"}],"version-history":[{"count":1,"href":"https:\/\/szgz.hr\/index.php?rest_route=\/wp\/v2\/posts\/29229\/revisions"}],"predecessor-version":[{"id":29234,"href":"https:\/\/szgz.hr\/index.php?rest_route=\/wp\/v2\/posts\/29229\/revisions\/29234"}],"wp:featuredmedia":[{"embeddable":true,"href":"https:\/\/szgz.hr\/index.php?rest_route=\/wp\/v2\/media\/29232"}],"wp:attachment":[{"href":"https:\/\/szgz.hr\/index.php?rest_route=%2Fwp%2Fv2%2Fmedia&parent=29229"}],"wp:term":[{"taxonomy":"category","embeddable":true,"href":"https:\/\/szgz.hr\/index.php?rest_route=%2Fwp%2Fv2%2Fcategories&post=29229"},{"taxonomy":"post_tag","embeddable":true,"href":"https:\/\/szgz.hr\/index.php?rest_route=%2Fwp%2Fv2%2Ftags&post=29229"}],"curies":[{"name":"wp","href":"https:\/\/api.w.org\/{rel}","templated":true}]}}