{"id":25985,"date":"2025-01-07T08:34:41","date_gmt":"2025-01-07T07:34:41","guid":{"rendered":"https:\/\/szgz.hr\/?p=25985"},"modified":"2025-01-07T09:25:21","modified_gmt":"2025-01-07T08:25:21","slug":"sjecanje-kad-je-luka-modric-bio-skupljac-lopti","status":"publish","type":"post","link":"https:\/\/szgz.hr\/?p=25985","title":{"rendered":"SJE\u0106ANJE &#8211; Kad je Luka Modri\u0107 bio skuplja\u010d lopti"},"content":{"rendered":"<p>Kad je ve\u0107 tako lijepo krenulo u 2025. Luki Modri\u0107u (9. 9. 1985., Zadar) u majici Reala &#8211; zabio je gol u 561. svom nastupu za Kraljevski klub u Valenciji u zaostaloj utakmici La Lige za 1:1 (Real dobio 2:1), a nekoliko dana potom i jedan gol u Kupu Kralja protiv Minera (4:0 za Real), red je prisjetiti se nogometnoga po\u010detka igra\u010da koji je u Realu me\u0111u 10 onih s najvi\u0161e nastupa i odnedavno s naslovom najstarijega klupskoga strijelca jer mu je gol u Valenciji do\u0161ao u trenutku kad je imao 39 godina i 116 dana.<\/p>\n<p>Dakle, Luka je iz zadarskoga nogometnoga gnijezda u Stanovima gdje mu je prvi trener, veoma kratko, bio \u017deljko \u017divkovi\u0107, potom je pre\u0161ao kod Davorina Mato\u0161evi\u0107a (nedavno je preminuo), a poslije kod drugih trenera me\u0111u kojima je Domagoj Ba\u0161i\u0107 dugo s njim radio pod nadzorom Tomislava Ba\u0161i\u0107a. Upravo je \u0161jr Tomo, kako su svi zvali Tomislava Ba\u0161i\u0107a, bio stru\u010dnjak koji je osmislio program razvoja za Luku Modri\u0107a jer je u njemu vidio darovitost i perspektivu, te karakter kojim je kao bogom dan za nadila\u017eenje svih mogu\u0107ih &#8220;zapreka&#8221; na putu prema statusu vrhunskoga (Pino Giergia rekao bi: velemajstorskoga) igra\u010da koji je ve\u0107 dugo neupitni autoritet i u hrvatskoj seniorskoj reprezentaciji.<\/p>\n<p>Na fotografiji koju objavljujemo Luka je Modri\u0107 &#8211; lako \u0107ete ga prepoznati &#8211; u dru\u0161tvu dijela svojih onodobnih suigra\u010da iz mom\u010dadi koja je bila pomno oblikovana nakon sustavne selekcije. Fotografija je nastala u trenutku kad je Jakov Sura\u0107 bio etablirani igra\u010d prve mom\u010dadi Zadra (jedno vrijeme Zadarkomerca), a prije jedne utakmice kad su skuplja\u010di lopti, pa i Luka Modri\u0107, bili silno ponosni \u0161to se s njim mogu fotografirati. U Lukinu dru\u0161tvu su jo\u0161 Marko O\u0161tri\u0107, Mario Grgurovi\u0107, Ivan Perovi\u0107 (vratar), Ivan Malik, Toki\u0107, Tome Martinovi\u0107, Matanovi\u0107&#8230; Tko je autor fotografije? Ne zna se, ali &#8220;slikopisni trag&#8221; je ostao u ponekom albumu za uspomenu. (bp)<\/p>\n","protected":false},"excerpt":{"rendered":"<p>Kad je ve\u0107 tako lijepo krenulo u 2025. Luki Modri\u0107u (9. 9. 1985., Zadar) u majici Reala &#8211; zabio je gol u 561. svom nastupu za Kraljevski klub u Valenciji u zaostaloj utakmici La Lige za 1:1 (Real dobio 2:1), a nekoliko dana potom i jedan gol u Kupu Kralja protiv Minera (4:0 za Real), [&hellip;]<\/p>\n","protected":false},"author":3,"featured_media":25986,"comment_status":"closed","ping_status":"closed","sticky":false,"template":"","format":"standard","meta":{"_et_pb_use_builder":"","_et_pb_old_content":"","_et_gb_content_width":"","footnotes":""},"categories":[1],"tags":[],"class_list":["post-25985","post","type-post","status-publish","format-standard","has-post-thumbnail","hentry","category-1"],"_links":{"self":[{"href":"https:\/\/szgz.hr\/index.php?rest_route=\/wp\/v2\/posts\/25985","targetHints":{"allow":["GET"]}}],"collection":[{"href":"https:\/\/szgz.hr\/index.php?rest_route=\/wp\/v2\/posts"}],"about":[{"href":"https:\/\/szgz.hr\/index.php?rest_route=\/wp\/v2\/types\/post"}],"author":[{"embeddable":true,"href":"https:\/\/szgz.hr\/index.php?rest_route=\/wp\/v2\/users\/3"}],"replies":[{"embeddable":true,"href":"https:\/\/szgz.hr\/index.php?rest_route=%2Fwp%2Fv2%2Fcomments&post=25985"}],"version-history":[{"count":3,"href":"https:\/\/szgz.hr\/index.php?rest_route=\/wp\/v2\/posts\/25985\/revisions"}],"predecessor-version":[{"id":25994,"href":"https:\/\/szgz.hr\/index.php?rest_route=\/wp\/v2\/posts\/25985\/revisions\/25994"}],"wp:featuredmedia":[{"embeddable":true,"href":"https:\/\/szgz.hr\/index.php?rest_route=\/wp\/v2\/media\/25986"}],"wp:attachment":[{"href":"https:\/\/szgz.hr\/index.php?rest_route=%2Fwp%2Fv2%2Fmedia&parent=25985"}],"wp:term":[{"taxonomy":"category","embeddable":true,"href":"https:\/\/szgz.hr\/index.php?rest_route=%2Fwp%2Fv2%2Fcategories&post=25985"},{"taxonomy":"post_tag","embeddable":true,"href":"https:\/\/szgz.hr\/index.php?rest_route=%2Fwp%2Fv2%2Ftags&post=25985"}],"curies":[{"name":"wp","href":"https:\/\/api.w.org\/{rel}","templated":true}]}}