{"id":24170,"date":"2024-09-05T07:02:51","date_gmt":"2024-09-05T06:02:51","guid":{"rendered":"https:\/\/szgz.hr\/?p=24170"},"modified":"2024-09-05T07:02:51","modified_gmt":"2024-09-05T06:02:51","slug":"sjecanja-zadranka-mirjana-grcic-plecko-nekad-druga-svjetska-padobranka","status":"publish","type":"post","link":"https:\/\/szgz.hr\/?p=24170","title":{"rendered":"SJE\u0106ANJA \u2013 Zadranka Mirjana Gr\u010di\u0107 Ple\u010dko, nekad druga svjetska padobranka"},"content":{"rendered":"<p>Kad je imala svega 16 ljeta Mirjana Gr\u010di\u0107, uvijek zvana Mira, upisala se na padobranski te\u010daj u Aeroklubu Zadar. Svojima doma nije ni rekla\u2026<\/p>\n<p>&#8211; Klub je bio nekoliko desetaka metara od na\u0161ega stana u zgradi tzv. Lipotice. Kad je te\u010daj zavr\u0161io i kad je trebalo i\u0107i skakati, kao maloljetnici morali su mi roditelji dati pristanak. Tek sam im tada rekla. Bilo je malo povuci \u2013 potegni, nakon \u010dega je tata potpisao \u2013 kazuje Mirjana Gr\u010di\u0107 Ple\u010dko.<\/p>\n<p>U daljem tekstu pisat \u0107emo samo Mira jer tako je oduvijek i zovu svi.<\/p>\n<p>&#8211; Bavila sam se stolnim tenisom i atletikom, a o padobranstvu nisam znala gotovo ni\u0161ta. Privukla me avantura, danas bi rekli da je to bio izazov.<\/p>\n<p>Mira je u Gimnaziji J. Barakovi\u0107a bila oslobo\u0111ena mature (usput, za\u0161to je ta ustanova nije uvrstila na svoj popis poznatih Zadranki i Zadrana koji su ju poha\u0111ali!?, pr. a.), a godine 1986. trebala se opredijeliti za studij.<\/p>\n<p>&#8211; U rujnu te godine bila sam na Svjetskom prvenstvu u skokovima na cilj i u figurativnim skokovima u Ankari. Bila sam najmla\u0111a sudionica u konkurenciji. U klubu su mi savjetovali da idem u Sloveniju jer su tamo bili najbolji uvjeti za moj razvoj u padobranstvu i tako sam oti\u0161la u Lesce Bled, te dospjela na studij strojarstva u Ljubljani.<\/p>\n<p><a href=\"https:\/\/szgz.hr\/wp-content\/uploads\/2024\/09\/mira-2.png\"><img loading=\"lazy\" decoding=\"async\" class=\"aligncenter wp-image-24172 size-full\" src=\"https:\/\/szgz.hr\/wp-content\/uploads\/2024\/09\/mira-2.png\" alt=\"\" width=\"799\" height=\"569\" srcset=\"https:\/\/szgz.hr\/wp-content\/uploads\/2024\/09\/mira-2.png 799w, https:\/\/szgz.hr\/wp-content\/uploads\/2024\/09\/mira-2-480x342.png 480w\" sizes=\"auto, (min-width: 0px) and (max-width: 480px) 480px, (min-width: 481px) 799px, 100vw\" \/><\/a><\/p>\n<p>Mira je relativno kratko bila u Aeroklubu Zadar.<\/p>\n<p>&#8211; Da, ali to su bile sjajne godine. Velid Jakupovi\u0107 Gricko i Bjanka Pavin stalno su me poticali, naravno i ostali i ekipa je bila izvrsna. \u010cvrsto sam zagrizla u padobranstvo, tim prije \u0161to je ba\u0161 tada u Zadru na pripremama bila reprezentacija biv\u0161e dr\u017eave..<\/p>\n<p>\u010covjek koji se \u017eeli baviti padobranstvom mora znati i mo\u0107i prevladati strah, usvojiti visoki stupanj koncentracije, svladati niz tehni\u010dkih vje\u0161tina, mora \u0161to bolje shvatiti prirodu\u2026<\/p>\n<p>&#8211; Sve to ide korak po korak. Bila sam ustrajna, motivirana, predana i svojevrsna dinamika u svemu tomu nije mi bila problem. Bila sam presretna nastupav\u0161i na velikim natjecanjima, tim vi\u0161e \u0161to sam uvijek u odnosu na druge nekako imala najzastarjeliju opremu.<\/p>\n<p><a href=\"https:\/\/szgz.hr\/wp-content\/uploads\/2024\/09\/mira3.png\"><img loading=\"lazy\" decoding=\"async\" class=\"aligncenter wp-image-24173 size-full\" src=\"https:\/\/szgz.hr\/wp-content\/uploads\/2024\/09\/mira3.png\" alt=\"\" width=\"716\" height=\"571\" srcset=\"https:\/\/szgz.hr\/wp-content\/uploads\/2024\/09\/mira3.png 716w, https:\/\/szgz.hr\/wp-content\/uploads\/2024\/09\/mira3-480x383.png 480w\" sizes=\"auto, (min-width: 0px) and (max-width: 480px) 480px, (min-width: 481px) 716px, 100vw\" \/><\/a><\/p>\n<p>Godine 1987. u Zadru je odr\u017ean prvi Svjetski padobranskki kup.<\/p>\n<p>&#8211; Moj grad, moji ljudi! To je svakako bilo jedno od meni najljep\u0161ih natjecanja. Sje\u0107am se da mi je na padobranu bio natpis \u201eHotels Borik Zadar\u201c.<\/p>\n<p>Godine 1990. na Bledu je odr\u017eano 20. SP u organizaciji FAI-ja, skokovim na cilj i figurativni. E, tu je Mira bila sjajna.<\/p>\n<p>&#8211; Osvojila sam drugo mjesto, srebrnu medalju u skokovima na cilj. Skakali smo s tisu\u0107u metara na plo\u010dicu promjera pet centimetara. Imala sam neki stari padobran proizveden u Kluzu. Zavidjela sam konkurenciji na modernoj opremi, ali\u2026<\/p>\n<p>Uglavnom, za zlatnu medalju bilo je pripetavanje i tek nakon 12. skoka pala je odluka.<\/p>\n<p>&#8211; Druga na svijetu! Odu\u0161evljena sam bila.<\/p>\n<p><a href=\"https:\/\/szgz.hr\/wp-content\/uploads\/2024\/09\/mira5.png\"><img loading=\"lazy\" decoding=\"async\" class=\"aligncenter wp-image-24174 size-full\" src=\"https:\/\/szgz.hr\/wp-content\/uploads\/2024\/09\/mira5.png\" alt=\"\" width=\"900\" height=\"651\" srcset=\"https:\/\/szgz.hr\/wp-content\/uploads\/2024\/09\/mira5.png 900w, https:\/\/szgz.hr\/wp-content\/uploads\/2024\/09\/mira5-480x347.png 480w\" sizes=\"auto, (min-width: 0px) and (max-width: 480px) 480px, (min-width: 481px) 900px, 100vw\" \/><\/a><\/p>\n<p>Prva Zadranka, prva Hrvatica, prva \u017eena u biv\u0161oj Jugoslaviji sa svjetskom medaljom u skokovima na cilj!<\/p>\n<p>&#8211; Skakala sam i dalje, popela se na Mont Blanc, istr\u010dala nekoliko polumaratona, ba\u0161 je bilo dinami\u010dno.<\/p>\n<p>Mira je postala dipl. ing. strojarstva, zaposlila se, svojom sposobno\u0161\u0107u postala i voditeljica zna\u010dajnih projekata sa slo\u017eenim zahvatima, radila \u010dak i u NE Kr\u0161ko.<\/p>\n<p>&#8211; Tamo negdje do 1996. sam skakala. Poslije srebra na Bledu bila sam jo\u0161, uz ostalo, na jednom europskom natjecanju u Sloveniji 1993., te iste godine na svjetskom prvenstvu u Ankari. Do osmoga skoka na tom prvenstvu bila sam prva, a ponovno zastarjela oprema i neke druge okolnosti i pro\u0161lo je kako je pro\u0161lo.<\/p>\n<p>U svojoj struci Mira se stalno usavr\u0161avala, postala je i znanstvenica, istodobno podizala dvojicu sinova.<\/p>\n<p>&#8211; Oni \u017eive u Ljubljani, a ja sam se vratila doma. \u017delim svom gradu dati jo\u0161 ne\u0161to, koliko mogu. Radim u jednoj gradskoj tvrtki na jednom od projekata.<\/p>\n<p><a href=\"https:\/\/szgz.hr\/wp-content\/uploads\/2024\/09\/mira4.png\"><img loading=\"lazy\" decoding=\"async\" class=\"aligncenter wp-image-24175 size-full\" src=\"https:\/\/szgz.hr\/wp-content\/uploads\/2024\/09\/mira4.png\" alt=\"\" width=\"818\" height=\"571\" srcset=\"https:\/\/szgz.hr\/wp-content\/uploads\/2024\/09\/mira4.png 818w, https:\/\/szgz.hr\/wp-content\/uploads\/2024\/09\/mira4-480x335.png 480w\" sizes=\"auto, (min-width: 0px) and (max-width: 480px) 480px, (min-width: 481px) 818px, 100vw\" \/><\/a><\/p>\n<p>Naravno da Mira odr\u017eava vezu s Aeroklubom Zadar.<\/p>\n<p>&#8211; Svakako. Imam veliku \u017eelju da se padobranstvo u klubu obnovi. Nije lako jer je op\u0107enito klasi\u010dno padobranstvo u opadanju, i u Sloveniji i svugdje. No, nekako se nadam da bismo u Zadru to mogli o\u017eivjeti.<\/p>\n<p>Nanizala je Mira vi\u0161e od tri tisu\u0107e skokova.<\/p>\n<p>&#8211; Je, je\u2026 Sko\u010dila bih jo\u0161 koji put, bez brige!<\/p>\n<p>Zanimljivo, pro\u0161la su brojna ljeta od njezinih lijepih zadarskih sportskih dana. I punih 38 od one godine kad je \u2013 zaslu\u017eeno \u2013 bila progla\u0161ena najboljom zadarskom sporta\u0161icom. (SZGZ)<\/p>\n<p><strong>Fotografije (iz privatne arhive Mirjane Gr\u010di\u0107 Ple\u010dko) prema redoslijedu:<\/strong> Godine 1986., najmla\u0111a na SP u Turskoj, naslovna; skok iznad Bleda, prva u tekstu; u Zadru na prvom Svjetskom padobranskom kupu 1986., druga u tekstu); u Kranju na na europskom natjecanju 1993., tre\u0107a u tekstu; na SP u Turskoj 1993. u dru\u0161tvu s kolegicama i kolegama iz Nizozemske, Rumunjske, \u0160vicarske i \u010ce\u0161ke, \u010detvrta u tekstu.<\/p>\n","protected":false},"excerpt":{"rendered":"<p>Kad je imala svega 16 ljeta Mirjana Gr\u010di\u0107, uvijek zvana Mira, upisala se na padobranski te\u010daj u Aeroklubu Zadar. Svojima doma nije ni rekla\u2026 &#8211; Klub je bio nekoliko desetaka metara od na\u0161ega stana u zgradi tzv. Lipotice. Kad je te\u010daj zavr\u0161io i kad je trebalo i\u0107i skakati, kao maloljetnici morali su mi roditelji dati [&hellip;]<\/p>\n","protected":false},"author":3,"featured_media":24171,"comment_status":"closed","ping_status":"closed","sticky":false,"template":"","format":"standard","meta":{"_et_pb_use_builder":"","_et_pb_old_content":"","_et_gb_content_width":"","footnotes":""},"categories":[1],"tags":[],"class_list":["post-24170","post","type-post","status-publish","format-standard","has-post-thumbnail","hentry","category-1"],"_links":{"self":[{"href":"https:\/\/szgz.hr\/index.php?rest_route=\/wp\/v2\/posts\/24170","targetHints":{"allow":["GET"]}}],"collection":[{"href":"https:\/\/szgz.hr\/index.php?rest_route=\/wp\/v2\/posts"}],"about":[{"href":"https:\/\/szgz.hr\/index.php?rest_route=\/wp\/v2\/types\/post"}],"author":[{"embeddable":true,"href":"https:\/\/szgz.hr\/index.php?rest_route=\/wp\/v2\/users\/3"}],"replies":[{"embeddable":true,"href":"https:\/\/szgz.hr\/index.php?rest_route=%2Fwp%2Fv2%2Fcomments&post=24170"}],"version-history":[{"count":1,"href":"https:\/\/szgz.hr\/index.php?rest_route=\/wp\/v2\/posts\/24170\/revisions"}],"predecessor-version":[{"id":24176,"href":"https:\/\/szgz.hr\/index.php?rest_route=\/wp\/v2\/posts\/24170\/revisions\/24176"}],"wp:featuredmedia":[{"embeddable":true,"href":"https:\/\/szgz.hr\/index.php?rest_route=\/wp\/v2\/media\/24171"}],"wp:attachment":[{"href":"https:\/\/szgz.hr\/index.php?rest_route=%2Fwp%2Fv2%2Fmedia&parent=24170"}],"wp:term":[{"taxonomy":"category","embeddable":true,"href":"https:\/\/szgz.hr\/index.php?rest_route=%2Fwp%2Fv2%2Fcategories&post=24170"},{"taxonomy":"post_tag","embeddable":true,"href":"https:\/\/szgz.hr\/index.php?rest_route=%2Fwp%2Fv2%2Ftags&post=24170"}],"curies":[{"name":"wp","href":"https:\/\/api.w.org\/{rel}","templated":true}]}}